{"id":30,"date":"2022-11-11T13:45:00","date_gmt":"2022-11-11T16:45:00","guid":{"rendered":"http:\/\/camaragilbues.pi.gov.br\/?p=30"},"modified":"2023-06-13T13:48:29","modified_gmt":"2023-06-13T16:48:29","slug":"camara-municipal-de-gilbues-realizara-sua-milesima-sessao-ordinaria-um-marco-historico-para-o-poder-legislativo","status":"publish","type":"post","link":"https:\/\/camaragilbues.pi.gov.br\/?p=30","title":{"rendered":"C\u00e2mara Municipal de Gilbu\u00e9s realizar\u00e1 sua mil\u00e9sima Sess\u00e3o Ordin\u00e1ria: Um marco hist\u00f3rico para o Poder Legislativo"},"content":{"rendered":"\n<p>Gilbu\u00e9s, 10 de novembro de 2022 &#8211; A C\u00e2mara Municipal de Gilbu\u00e9s se prepara para um momento hist\u00f3rico em sua trajet\u00f3ria legislativa. No pr\u00f3ximo dia 10 de novembro de 2022, ser\u00e1 realizada a mil\u00e9sima Sess\u00e3o Ordin\u00e1ria, um marco simb\u00f3lico que valoriza a hist\u00f3ria e o trabalho desempenhado pelo Poder Legislativo Municipal.<\/p>\n\n\n\n<p>A hist\u00f3ria da C\u00e2mara Municipal de Gilbu\u00e9s remonta ao ano de 1948, quando foi instalada sua primeira Legislatura. Composta por cinco vereadores, entre eles Jos\u00e9 Fraz\u00e3o Parente\/UDN, Pedro Duailibe\/UDN, J\u00f4sias Alves Palha\/PSD, Elias Borges Guimar\u00e3es\/PSD e Luiz Gabriel de Oliveira\/UDN, essa primeira Legislatura teve uma curta dura\u00e7\u00e3o de apenas dois anos e n\u00e3o teve registros em atas.<\/p>\n\n\n\n<p>Somente em 1959, na instala\u00e7\u00e3o da 4\u00aa Legislatura, em 31 de janeiro, ocorreu o registro pela primeira vez em ata, marcando assim um novo cap\u00edtulo na hist\u00f3ria do Poder Legislativo de Gilbu\u00e9s. Durante esses anos, a C\u00e2mara Municipal tem desempenhado um papel fundamental na representa\u00e7\u00e3o dos interesses da popula\u00e7\u00e3o e no exerc\u00edcio de suas atribui\u00e7\u00f5es legislativas.<\/p>\n\n\n\n<p>A contagem das Sess\u00f5es Ordin\u00e1rias ganhou um novo impulso em 2016, com a ado\u00e7\u00e3o de um sistema de registro mais preciso. A partir desse ano, foi estabelecida uma nova numera\u00e7\u00e3o de ordem para as Sess\u00f5es, o que possibilitou chegar ao n\u00famero simb\u00f3lico da mil\u00e9sima Sess\u00e3o Ordin\u00e1ria.<\/p>\n\n\n\n<p>Esse marco hist\u00f3rico reflete o compromisso e a dedica\u00e7\u00e3o dos vereadores, ao longo dos anos, na busca pela representa\u00e7\u00e3o leg\u00edtima dos cidad\u00e3os e na constru\u00e7\u00e3o de uma cidade cada vez melhor. As Sess\u00f5es Ordin\u00e1rias t\u00eam sido espa\u00e7os fundamentais para o debate de temas relevantes, a proposi\u00e7\u00e3o de leis e a fiscaliza\u00e7\u00e3o dos atos do Poder Executivo, contribuindo para a promo\u00e7\u00e3o do desenvolvimento e do bem-estar da comunidade gilbueense.<\/p>\n\n\n\n<p>A realiza\u00e7\u00e3o da mil\u00e9sima Sess\u00e3o Ordin\u00e1ria \u00e9 um momento de celebra\u00e7\u00e3o e reconhecimento da import\u00e2ncia do Poder Legislativo Municipal. \u00c9 uma oportunidade para refletir sobre as conquistas alcan\u00e7adas e os desafios que ainda est\u00e3o por vir. A C\u00e2mara Municipal de Gilbu\u00e9s reafirma seu compromisso em continuar trabalhando em prol da transpar\u00eancia, da participa\u00e7\u00e3o cidad\u00e3 e da promo\u00e7\u00e3o de uma gest\u00e3o p\u00fablica eficiente.<\/p>\n\n\n\n<p>Os cidad\u00e3os de Gilbu\u00e9s est\u00e3o convidados a acompanhar essa Sess\u00e3o especial, que ser\u00e1 um marco na hist\u00f3ria legislativa do munic\u00edpio. A mil\u00e9sima Sess\u00e3o Ordin\u00e1ria \u00e9 um s\u00edmbolo do fortalecimento da democracia e da import\u00e2ncia do di\u00e1logo entre os poderes e a sociedade.<\/p>\n\n\n\n<p>Que esse momento solene sirva de inspira\u00e7\u00e3o para a continuidade de um trabalho comprometido com os interesses da popula\u00e7\u00e3o de Gilbu\u00e9s e que a C\u00e2mara Municipal possa seguir sendo uma voz ativa e representativa na defesa dos direitos e no progresso do munic\u00edpio.<\/p>\n","protected":false},"excerpt":{"rendered":"<p>Gilbu\u00e9s, 10 de novembro de 2022 &#8211; A C\u00e2mara Municipal de Gilbu\u00e9s se prepara para um momento hist\u00f3rico em sua trajet\u00f3ria legislativa. No pr\u00f3ximo dia 10 de novembro de 2022,&hellip; <\/p>\n","protected":false},"author":1,"featured_media":31,"comment_status":"closed","ping_status":"closed","sticky":false,"template":"","format":"standard","meta":{"footnotes":""},"categories":[5],"tags":[],"class_list":["post-30","post","type-post","status-publish","format-standard","has-post-thumbnail","hentry","category-camara-gilbues-pi"],"_links":{"self":[{"href":"https:\/\/camaragilbues.pi.gov.br\/index.php?rest_route=\/wp\/v2\/posts\/30","targetHints":{"allow":["GET"]}}],"collection":[{"href":"https:\/\/camaragilbues.pi.gov.br\/index.php?rest_route=\/wp\/v2\/posts"}],"about":[{"href":"https:\/\/camaragilbues.pi.gov.br\/index.php?rest_route=\/wp\/v2\/types\/post"}],"author":[{"embeddable":true,"href":"https:\/\/camaragilbues.pi.gov.br\/index.php?rest_route=\/wp\/v2\/users\/1"}],"replies":[{"embeddable":true,"href":"https:\/\/camaragilbues.pi.gov.br\/index.php?rest_route=%2Fwp%2Fv2%2Fcomments&post=30"}],"version-history":[{"count":1,"href":"https:\/\/camaragilbues.pi.gov.br\/index.php?rest_route=\/wp\/v2\/posts\/30\/revisions"}],"predecessor-version":[{"id":32,"href":"https:\/\/camaragilbues.pi.gov.br\/index.php?rest_route=\/wp\/v2\/posts\/30\/revisions\/32"}],"wp:featuredmedia":[{"embeddable":true,"href":"https:\/\/camaragilbues.pi.gov.br\/index.php?rest_route=\/wp\/v2\/media\/31"}],"wp:attachment":[{"href":"https:\/\/camaragilbues.pi.gov.br\/index.php?rest_route=%2Fwp%2Fv2%2Fmedia&parent=30"}],"wp:term":[{"taxonomy":"category","embeddable":true,"href":"https:\/\/camaragilbues.pi.gov.br\/index.php?rest_route=%2Fwp%2Fv2%2Fcategories&post=30"},{"taxonomy":"post_tag","embeddable":true,"href":"https:\/\/camaragilbues.pi.gov.br\/index.php?rest_route=%2Fwp%2Fv2%2Ftags&post=30"}],"curies":[{"name":"wp","href":"https:\/\/api.w.org\/{rel}","templated":true}]}}