{"id":34,"date":"2022-10-13T13:53:00","date_gmt":"2022-10-13T16:53:00","guid":{"rendered":"http:\/\/camaragilbues.pi.gov.br\/?p=34"},"modified":"2023-06-13T13:54:37","modified_gmt":"2023-06-13T16:54:37","slug":"camara-municipal-apreciara-prestacao-de-contas-de-2016-apos-reforma-no-julgamento","status":"publish","type":"post","link":"https:\/\/camaragilbues.pi.gov.br\/?p=34","title":{"rendered":"C\u00e2mara Municipal apreciar\u00e1 Presta\u00e7\u00e3o de Contas de 2016 ap\u00f3s reforma no julgamento"},"content":{"rendered":"\n<p>Gilbu\u00e9s, 11 de outubro de 2022 &#8211; A C\u00e2mara Municipal de Gilbu\u00e9s est\u00e1 prestes a apreciar a Presta\u00e7\u00e3o de Contas referente ao exerc\u00edcio financeiro de 2016. Ap\u00f3s uma reforma no julgamento das contas realizada pelo Tribunal de Contas do Estado do Piau\u00ed (TCE-PI), o processo foi reenviado ao Legislativo Municipal para um novo julgamento.<\/p>\n\n\n\n<p>Na \u00faltima Sess\u00e3o Ordin\u00e1ria realizada em 10 de outubro de 2022, a C\u00e2mara Municipal realizou a sua 995\u00aa Sess\u00e3o Ordin\u00e1ria. A sess\u00e3o contou com a presen\u00e7a dos Vereadores Dimas Rosa, Henrique Guerra, Claudison Rocha, Anderson Ribeiro, Jo\u00e3o Rodrigues, Jo\u00e3o Dias, Erivan Martins e Emerson Carlos. A pauta incluiu a discuss\u00e3o da Lei Or\u00e7ament\u00e1ria Anual (LOA) para o ano de 2023 e a Abertura de Cr\u00e9dito Suplementar de 30% para o exerc\u00edcio de 2022.<\/p>\n\n\n\n<p>A LOA foi aprovada por unanimidade dos Vereadores presentes, demonstrando o consenso em rela\u00e7\u00e3o ao planejamento financeiro do munic\u00edpio para o pr\u00f3ximo ano. J\u00e1 a Abertura de Cr\u00e9dito Suplementar recebeu cinco votos a favor e um voto contr\u00e1rio. Ambas as leis ser\u00e3o encaminhadas para san\u00e7\u00e3o pelo Executivo Municipal.<\/p>\n\n\n\n<p>Durante a sess\u00e3o, foram apresentados requerimentos tanto por of\u00edcio quanto verbalmente, sendo todos eles aprovados por unanimidade. Esses requerimentos demonstram a preocupa\u00e7\u00e3o dos Vereadores em atender \u00e0s demandas da popula\u00e7\u00e3o e buscar solu\u00e7\u00f5es para quest\u00f5es de interesse p\u00fablico.<\/p>\n\n\n\n<p>Ap\u00f3s a delibera\u00e7\u00e3o dos demais assuntos, o Presidente da C\u00e2mara solicitou a leitura da apresenta\u00e7\u00e3o das Presta\u00e7\u00f5es de Contas do Executivo Municipal, referentes ao Exerc\u00edcio Financeiro de 2016. Essa responsabilidade recai sobre o Ex-Gestor Francisco Pereira de Sousa. O julgamento das contas ficou agendado para o dia 20\/10\/2022.<\/p>\n\n\n\n<p>Os detalhes sobre a Sess\u00e3o Ordin\u00e1ria podem ser conferidos na \u00edntegra na Ata dispon\u00edvel no link: <a href=\"https:\/\/www.gilbues.pi.leg.br\/leis\/atas\/ata-da-995a-sessao-ordinaria\">https:\/\/www.gilbues.pi.leg.br\/leis\/atas\/ata-da-995a-sessao-ordinaria<\/a> para a Ata da 995\u00aa Sess\u00e3o Ordin\u00e1ria].<\/p>\n\n\n\n<p>A aprecia\u00e7\u00e3o das Presta\u00e7\u00f5es de Contas de 2016 \u00e9 um passo importante para a transpar\u00eancia e presta\u00e7\u00e3o de contas \u00e0 popula\u00e7\u00e3o. A C\u00e2mara Municipal de Gilbu\u00e9s reafirma seu compromisso em exercer suas atribui\u00e7\u00f5es com responsabilidade e imparcialidade, garantindo a fiscaliza\u00e7\u00e3o dos recursos p\u00fablicos e a gest\u00e3o eficiente do munic\u00edpio.<\/p>\n","protected":false},"excerpt":{"rendered":"<p>Gilbu\u00e9s, 11 de outubro de 2022 &#8211; A C\u00e2mara Municipal de Gilbu\u00e9s est\u00e1 prestes a apreciar a Presta\u00e7\u00e3o de Contas referente ao exerc\u00edcio financeiro de 2016. Ap\u00f3s uma reforma no&hellip; <\/p>\n","protected":false},"author":1,"featured_media":35,"comment_status":"closed","ping_status":"closed","sticky":false,"template":"","format":"standard","meta":{"footnotes":""},"categories":[5],"tags":[],"class_list":["post-34","post","type-post","status-publish","format-standard","has-post-thumbnail","hentry","category-camara-gilbues-pi"],"_links":{"self":[{"href":"https:\/\/camaragilbues.pi.gov.br\/index.php?rest_route=\/wp\/v2\/posts\/34","targetHints":{"allow":["GET"]}}],"collection":[{"href":"https:\/\/camaragilbues.pi.gov.br\/index.php?rest_route=\/wp\/v2\/posts"}],"about":[{"href":"https:\/\/camaragilbues.pi.gov.br\/index.php?rest_route=\/wp\/v2\/types\/post"}],"author":[{"embeddable":true,"href":"https:\/\/camaragilbues.pi.gov.br\/index.php?rest_route=\/wp\/v2\/users\/1"}],"replies":[{"embeddable":true,"href":"https:\/\/camaragilbues.pi.gov.br\/index.php?rest_route=%2Fwp%2Fv2%2Fcomments&post=34"}],"version-history":[{"count":1,"href":"https:\/\/camaragilbues.pi.gov.br\/index.php?rest_route=\/wp\/v2\/posts\/34\/revisions"}],"predecessor-version":[{"id":36,"href":"https:\/\/camaragilbues.pi.gov.br\/index.php?rest_route=\/wp\/v2\/posts\/34\/revisions\/36"}],"wp:featuredmedia":[{"embeddable":true,"href":"https:\/\/camaragilbues.pi.gov.br\/index.php?rest_route=\/wp\/v2\/media\/35"}],"wp:attachment":[{"href":"https:\/\/camaragilbues.pi.gov.br\/index.php?rest_route=%2Fwp%2Fv2%2Fmedia&parent=34"}],"wp:term":[{"taxonomy":"category","embeddable":true,"href":"https:\/\/camaragilbues.pi.gov.br\/index.php?rest_route=%2Fwp%2Fv2%2Fcategories&post=34"},{"taxonomy":"post_tag","embeddable":true,"href":"https:\/\/camaragilbues.pi.gov.br\/index.php?rest_route=%2Fwp%2Fv2%2Ftags&post=34"}],"curies":[{"name":"wp","href":"https:\/\/api.w.org\/{rel}","templated":true}]}}